{"id":70780,"date":"2024-04-18T14:12:33","date_gmt":"2024-04-18T14:12:33","guid":{"rendered":"https:\/\/farmable.tech\/blog\/agriculture-suisse-fruchthof-diethelm\/"},"modified":"2024-10-29T13:01:09","modified_gmt":"2024-10-29T13:01:09","slug":"agriculture-suisse-fruchtehof-diethelm","status":"publish","type":"post","link":"https:\/\/farmable.tech\/fr\/agriculture-suisse-fruchtehof-diethelm\/","title":{"rendered":"Une exploitation centenaire pr\u00eate pour l\u2019avenir"},"content":{"rendered":"\t\t<div data-elementor-type=\"wp-post\" data-elementor-id=\"70780\" class=\"elementor elementor-70780 elementor-68318\" data-elementor-post-type=\"post\">\n\t\t\t\t\t\t<section class=\"has_ae_slider elementor-section elementor-top-section elementor-element elementor-element-d10dd44 elementor-section-boxed elementor-section-height-default elementor-section-height-default ae-bg-gallery-type-default\" data-id=\"d10dd44\" data-element_type=\"section\" data-e-type=\"section\">\n\t\t\t\t\t\t<div class=\"elementor-container elementor-column-gap-default\">\n\t\t\t\t\t<div class=\"has_ae_slider elementor-column elementor-col-100 elementor-top-column elementor-element elementor-element-b929e03 ae-bg-gallery-type-default\" data-id=\"b929e03\" data-element_type=\"column\" data-e-type=\"column\">\n\t\t\t<div class=\"elementor-widget-wrap elementor-element-populated\">\n\t\t\t\t\t\t<div class=\"elementor-element elementor-element-95a7b1f elementor-widget elementor-widget-heading\" data-id=\"95a7b1f\" data-element_type=\"widget\" data-e-type=\"widget\" data-settings=\"{&quot;ekit_we_effect_on&quot;:&quot;none&quot;}\" data-widget_type=\"heading.default\">\n\t\t\t\t<div class=\"elementor-widget-container\">\n\t\t\t\t\t<h2 class=\"elementor-heading-title elementor-size-default\">Kilian Diethelm pr\u00e9pare la saison 2024 et les suivantes sur son exploitation. \n<\/h2>\t\t\t\t<\/div>\n\t\t\t\t<\/div>\n\t\t\t\t\t<\/div>\n\t\t<\/div>\n\t\t\t\t\t<\/div>\n\t\t<\/section>\n\t\t\t\t<section class=\"has_ae_slider elementor-section elementor-top-section elementor-element elementor-element-72377ab elementor-section-boxed elementor-section-height-default elementor-section-height-default ae-bg-gallery-type-default\" data-id=\"72377ab\" data-element_type=\"section\" data-e-type=\"section\">\n\t\t\t\t\t\t<div class=\"elementor-container elementor-column-gap-default\">\n\t\t\t\t\t<div class=\"has_ae_slider elementor-column elementor-col-100 elementor-top-column elementor-element elementor-element-3382689 ae-bg-gallery-type-default\" data-id=\"3382689\" data-element_type=\"column\" data-e-type=\"column\">\n\t\t\t<div class=\"elementor-widget-wrap elementor-element-populated\">\n\t\t\t\t\t\t<div class=\"elementor-element elementor-element-ce3e8b1 elementor-widget elementor-widget-text-editor\" data-id=\"ce3e8b1\" data-element_type=\"widget\" data-e-type=\"widget\" data-settings=\"{&quot;ekit_we_effect_on&quot;:&quot;none&quot;}\" data-widget_type=\"text-editor.default\">\n\t\t\t\t<div class=\"elementor-widget-container\">\n\t\t\t\t\t\t\t\t\t<p><span style=\"font-weight: 400;\"><a href=\"https:\/\/www.fruechtehof.ch\/Startseite\/\" target=\"_blank\" rel=\"noopener\"><strong><span style=\"color: #ce4520;\">Fr\u00fcchtehof Diethelm<\/span><\/strong><\/a> est une exploitation de 7,5 hectares o\u00f9 sont cultiv\u00e9s des fruits \u00e0 p\u00e9pins, des fruits \u00e0 noyaux et une grande vari\u00e9t\u00e9 de fruits rouges. L\u2019exploitation est perch\u00e9e \u00e0 440 m\u00e8tres d\u2019altitude et surplombe le lac de Zurich. Cette op\u00e9ration complexe implique la gestion d&#8217;un grand nombre de vari\u00e9t\u00e9s de fruits et de petites parcelles. Kilian et sa femme, Sandra, g\u00e8rent l\u2019exploitation depuis 2003. Ils ont multipli\u00e9 le nombre de vari\u00e9t\u00e9s cultiv\u00e9es tout en am\u00e9liorant les <\/span><b>technologies mises en application dans les parcelles<\/b><span style=\"font-weight: 400;\"> au cours des 20 derni\u00e8res ann\u00e9es.<\/span><\/p>\n\t\t\t\t\t\t\t\t<\/div>\n\t\t\t\t<\/div>\n\t\t\t\t\t<\/div>\n\t\t<\/div>\n\t\t\t\t\t<\/div>\n\t\t<\/section>\n\t\t\t\t<section class=\"has_ae_slider elementor-section elementor-top-section elementor-element elementor-element-6541b69 elementor-section-boxed elementor-section-height-default elementor-section-height-default ae-bg-gallery-type-default\" data-id=\"6541b69\" data-element_type=\"section\" data-e-type=\"section\">\n\t\t\t\t\t\t<div class=\"elementor-container elementor-column-gap-default\">\n\t\t\t\t\t<div class=\"has_ae_slider elementor-column elementor-col-100 elementor-top-column elementor-element elementor-element-189fafc ae-bg-gallery-type-default\" data-id=\"189fafc\" data-element_type=\"column\" data-e-type=\"column\">\n\t\t\t<div class=\"elementor-widget-wrap elementor-element-populated\">\n\t\t\t\t\t\t<div class=\"elementor-element elementor-element-cff7d7e elementor-widget elementor-widget-image\" data-id=\"cff7d7e\" data-element_type=\"widget\" data-e-type=\"widget\" data-settings=\"{&quot;ekit_we_effect_on&quot;:&quot;none&quot;}\" data-widget_type=\"image.default\">\n\t\t\t\t<div class=\"elementor-widget-container\">\n\t\t\t\t\t\t\t\t\t\t\t\t\t\t\t<img decoding=\"async\" src=\"https:\/\/farmable.tech\/wp-content\/uploads\/2024\/04\/Kilian-und-Sandra-Diethelm.png\" title=\"Kilian und Sandra Diethelm\" alt=\"Kilian und Sandra Diethelm\" loading=\"lazy\" \/>\t\t\t\t\t\t\t\t\t\t\t\t\t\t\t<\/div>\n\t\t\t\t<\/div>\n\t\t\t\t\t<\/div>\n\t\t<\/div>\n\t\t\t\t\t<\/div>\n\t\t<\/section>\n\t\t\t\t<section class=\"has_ae_slider elementor-section elementor-top-section elementor-element elementor-element-a6457e8 elementor-section-boxed elementor-section-height-default elementor-section-height-default ae-bg-gallery-type-default\" data-id=\"a6457e8\" data-element_type=\"section\" data-e-type=\"section\">\n\t\t\t\t\t\t<div class=\"elementor-container elementor-column-gap-default\">\n\t\t\t\t\t<div class=\"has_ae_slider elementor-column elementor-col-100 elementor-top-column elementor-element elementor-element-ada6fa2 ae-bg-gallery-type-default\" data-id=\"ada6fa2\" data-element_type=\"column\" data-e-type=\"column\">\n\t\t\t<div class=\"elementor-widget-wrap elementor-element-populated\">\n\t\t\t\t\t\t<div class=\"elementor-element elementor-element-beeac96 elementor-widget elementor-widget-text-editor\" data-id=\"beeac96\" data-element_type=\"widget\" data-e-type=\"widget\" data-settings=\"{&quot;ekit_we_effect_on&quot;:&quot;none&quot;}\" data-widget_type=\"text-editor.default\">\n\t\t\t\t<div class=\"elementor-widget-container\">\n\t\t\t\t\t\t\t\t\t<div class=\"docos-collapsible-replyview\">\n<div class=\"docos-replyview-static\">\n<div class=\"docos-replyview-body docos-anchoredreplyview-body docos-replyview-body-emoji-reactable docos-replyview-body-emoji-reactable-background\" dir=\"ltr\" style=\"text-align: center;\"><strong>Kilian et Sandra Diethelm<\/strong><\/div>\n<\/div>\n<\/div>\n\t\t\t\t\t\t\t\t<\/div>\n\t\t\t\t<\/div>\n\t\t\t\t\t<\/div>\n\t\t<\/div>\n\t\t\t\t\t<\/div>\n\t\t<\/section>\n\t\t\t\t<section class=\"has_ae_slider elementor-section elementor-top-section elementor-element elementor-element-9e5a4ab elementor-section-boxed elementor-section-height-default elementor-section-height-default ae-bg-gallery-type-default\" data-id=\"9e5a4ab\" data-element_type=\"section\" data-e-type=\"section\">\n\t\t\t\t\t\t<div class=\"elementor-container elementor-column-gap-default\">\n\t\t\t\t\t<div class=\"has_ae_slider elementor-column elementor-col-100 elementor-top-column elementor-element elementor-element-d6a17aa ae-bg-gallery-type-default\" data-id=\"d6a17aa\" data-element_type=\"column\" data-e-type=\"column\">\n\t\t\t<div class=\"elementor-widget-wrap elementor-element-populated\">\n\t\t\t\t\t\t<div class=\"elementor-element elementor-element-7c1d046 elementor-widget elementor-widget-heading\" data-id=\"7c1d046\" data-element_type=\"widget\" data-e-type=\"widget\" data-settings=\"{&quot;ekit_we_effect_on&quot;:&quot;none&quot;}\" data-widget_type=\"heading.default\">\n\t\t\t\t<div class=\"elementor-widget-container\">\n\t\t\t\t\t<h2 class=\"elementor-heading-title elementor-size-default\">Un peu d\u2019histoire\n<\/h2>\t\t\t\t<\/div>\n\t\t\t\t<\/div>\n\t\t\t\t\t<\/div>\n\t\t<\/div>\n\t\t\t\t\t<\/div>\n\t\t<\/section>\n\t\t\t\t<section class=\"has_ae_slider elementor-section elementor-top-section elementor-element elementor-element-e3b4b0b elementor-section-boxed elementor-section-height-default elementor-section-height-default ae-bg-gallery-type-default\" data-id=\"e3b4b0b\" data-element_type=\"section\" data-e-type=\"section\">\n\t\t\t\t\t\t<div class=\"elementor-container elementor-column-gap-default\">\n\t\t\t\t\t<div class=\"has_ae_slider elementor-column elementor-col-100 elementor-top-column elementor-element elementor-element-d15896c ae-bg-gallery-type-default\" data-id=\"d15896c\" data-element_type=\"column\" data-e-type=\"column\">\n\t\t\t<div class=\"elementor-widget-wrap elementor-element-populated\">\n\t\t\t\t\t\t<div class=\"elementor-element elementor-element-507e5cc elementor-widget elementor-widget-text-editor\" data-id=\"507e5cc\" data-element_type=\"widget\" data-e-type=\"widget\" data-settings=\"{&quot;ekit_we_effect_on&quot;:&quot;none&quot;}\" data-widget_type=\"text-editor.default\">\n\t\t\t\t<div class=\"elementor-widget-container\">\n\t\t\t\t\t\t\t\t\t<p><span style=\"font-weight: 400;\">L\u2019exploitation appartient \u00e0 la famille Diethelm depuis plus de 100 ans. Elle a \u00e9t\u00e9 achet\u00e9e en 1923 par les grands-parents de Kilian, Berta et Josef Diethelm, qui en ont fait une ferme laiti\u00e8re. Les parents de Kilian, Josef et Heidi, l&#8217;ont reprise en 1971. Ensemble, ils ont diversifi\u00e9 les <\/span><b>activit\u00e9s agricoles<\/b><span style=\"font-weight: 400;\"> en ajoutant un \u00e9levage de porcs dans les ann\u00e9es 1980. Les ann\u00e9es 1990 ont \u00e9t\u00e9 marqu\u00e9es par l\u2019effondrement du prix du lait, obligeant l&#8217;exploitation \u00e0 prendre une d\u00e9cision radicale. <\/span><\/p>\n<p><span style=\"font-weight: 400;\">Les activit\u00e9s laiti\u00e8res ont donc \u00e9t\u00e9 laiss\u00e9es de c\u00f4t\u00e9, la famille se recentrant sur celles qui pr\u00e9sentaient le plus de potentiel pour l\u2019exploitation : la production de fruits et de fruits rouges vendus directement \u00e0 des entreprises et \u00e0 des clients locaux. <\/span><\/p>\n\t\t\t\t\t\t\t\t<\/div>\n\t\t\t\t<\/div>\n\t\t\t\t\t<\/div>\n\t\t<\/div>\n\t\t\t\t\t<\/div>\n\t\t<\/section>\n\t\t<div class=\"has_ae_slider elementor-element elementor-element-0aafd42 e-flex e-con-boxed ae-bg-gallery-type-default e-con e-parent\" data-id=\"0aafd42\" data-element_type=\"container\" data-e-type=\"container\">\n\t\t\t\t\t<div class=\"e-con-inner\">\n\t\t<div class=\"has_ae_slider elementor-element elementor-element-080d1d0 e-con-full e-flex ae-bg-gallery-type-default e-con e-child\" data-id=\"080d1d0\" data-element_type=\"container\" data-e-type=\"container\">\n\t\t\t\t<div class=\"elementor-element elementor-element-12a1ebd elementor-widget elementor-widget-image\" data-id=\"12a1ebd\" data-element_type=\"widget\" data-e-type=\"widget\" data-settings=\"{&quot;ekit_we_effect_on&quot;:&quot;none&quot;}\" data-widget_type=\"image.default\">\n\t\t\t\t<div class=\"elementor-widget-container\">\n\t\t\t\t\t\t\t\t\t\t\t\t<figure class=\"wp-caption\">\n\t\t\t\t\t\t\t\t\t\t<img fetchpriority=\"high\" decoding=\"async\" width=\"901\" height=\"601\" src=\"https:\/\/farmable.tech\/wp-content\/uploads\/2024\/04\/Berta-und-Josef-Diethelm_1.jpg\" class=\"attachment-large size-large wp-image-68331\" alt=\"\" srcset=\"https:\/\/farmable.tech\/wp-content\/uploads\/2024\/04\/Berta-und-Josef-Diethelm_1.jpg 901w, https:\/\/farmable.tech\/wp-content\/uploads\/2024\/04\/Berta-und-Josef-Diethelm_1-300x200.jpg 300w, https:\/\/farmable.tech\/wp-content\/uploads\/2024\/04\/Berta-und-Josef-Diethelm_1-768x512.jpg 768w, https:\/\/farmable.tech\/wp-content\/uploads\/2024\/04\/Berta-und-Josef-Diethelm_1-600x400.jpg 600w\" sizes=\"(max-width: 901px) 100vw, 901px\" title=\"\">\t\t\t\t\t\t\t\t\t\t\t<figcaption class=\"widget-image-caption wp-caption-text\">Berta et Josef Diethelm<\/figcaption>\n\t\t\t\t\t\t\t\t\t\t<\/figure>\n\t\t\t\t\t\t\t\t\t<\/div>\n\t\t\t\t<\/div>\n\t\t\t\t<\/div>\n\t\t<div class=\"has_ae_slider elementor-element elementor-element-5a1a0e4 e-con-full e-flex ae-bg-gallery-type-default e-con e-child\" data-id=\"5a1a0e4\" data-element_type=\"container\" data-e-type=\"container\">\n\t\t\t\t<div class=\"elementor-element elementor-element-84a9796 elementor-widget elementor-widget-image\" data-id=\"84a9796\" data-element_type=\"widget\" data-e-type=\"widget\" data-settings=\"{&quot;ekit_we_effect_on&quot;:&quot;none&quot;}\" data-widget_type=\"image.default\">\n\t\t\t\t<div class=\"elementor-widget-container\">\n\t\t\t\t\t\t\t\t\t\t\t\t<figure class=\"wp-caption\">\n\t\t\t\t\t\t\t\t\t\t<img decoding=\"async\" width=\"910\" height=\"607\" src=\"https:\/\/farmable.tech\/wp-content\/uploads\/2024\/04\/Josef-und-Kilian-beim-Pflanzen-der-ersten-Apfelbaume-Jahr1995_1.jpg\" class=\"attachment-large size-large wp-image-68326\" alt=\"\" srcset=\"https:\/\/farmable.tech\/wp-content\/uploads\/2024\/04\/Josef-und-Kilian-beim-Pflanzen-der-ersten-Apfelbaume-Jahr1995_1.jpg 910w, https:\/\/farmable.tech\/wp-content\/uploads\/2024\/04\/Josef-und-Kilian-beim-Pflanzen-der-ersten-Apfelbaume-Jahr1995_1-300x200.jpg 300w, https:\/\/farmable.tech\/wp-content\/uploads\/2024\/04\/Josef-und-Kilian-beim-Pflanzen-der-ersten-Apfelbaume-Jahr1995_1-768x512.jpg 768w, https:\/\/farmable.tech\/wp-content\/uploads\/2024\/04\/Josef-und-Kilian-beim-Pflanzen-der-ersten-Apfelbaume-Jahr1995_1-600x400.jpg 600w\" sizes=\"(max-width: 910px) 100vw, 910px\" title=\"\">\t\t\t\t\t\t\t\t\t\t\t<figcaption class=\"widget-image-caption wp-caption-text\">Kilian et Josef plantent les premiers pommiers en 1995<\/figcaption>\n\t\t\t\t\t\t\t\t\t\t<\/figure>\n\t\t\t\t\t\t\t\t\t<\/div>\n\t\t\t\t<\/div>\n\t\t\t\t<\/div>\n\t\t\t\t\t<\/div>\n\t\t\t\t<\/div>\n\t\t\t\t<section class=\"has_ae_slider elementor-section elementor-top-section elementor-element elementor-element-2751382 elementor-section-boxed elementor-section-height-default elementor-section-height-default ae-bg-gallery-type-default\" data-id=\"2751382\" data-element_type=\"section\" data-e-type=\"section\">\n\t\t\t\t\t\t<div class=\"elementor-container elementor-column-gap-default\">\n\t\t\t\t\t<div class=\"has_ae_slider elementor-column elementor-col-100 elementor-top-column elementor-element elementor-element-aed23c9 ae-bg-gallery-type-default\" data-id=\"aed23c9\" data-element_type=\"column\" data-e-type=\"column\">\n\t\t\t<div class=\"elementor-widget-wrap elementor-element-populated\">\n\t\t\t\t\t\t<div class=\"elementor-element elementor-element-607b19d elementor-widget elementor-widget-text-editor\" data-id=\"607b19d\" data-element_type=\"widget\" data-e-type=\"widget\" data-settings=\"{&quot;ekit_we_effect_on&quot;:&quot;none&quot;}\" data-widget_type=\"text-editor.default\">\n\t\t\t\t<div class=\"elementor-widget-container\">\n\t\t\t\t\t\t\t\t\t<p><span style=\"font-weight: 400;\">Les premiers cerisiers et fraisiers ont \u00e9t\u00e9 plant\u00e9s en 1994. Des pommiers, des poiriers et des pruniers les ont rejoints l\u2019ann\u00e9e suivante. Depuis, une activit\u00e9 florissante s\u2019est d\u00e9velopp\u00e9e en dehors des parcelles. Fr\u00fcchtehof Diethelm poss\u00e8de d\u00e9sormais sa propre <\/span><a href=\"https:\/\/www.fruechtehof.ch\/Verkauf\/Hofladen\/\" target=\"_blank\" rel=\"noopener\"><span style=\"font-weight: 400;\"><span style=\"color: #ce4520;\"><strong>boutique sur l\u2019exploitation<\/strong><\/span><\/span><\/a><span style=\"font-weight: 400;\">, qui vend des aliments produits localement, dont des fruits frais et des produits d\u00e9riv\u00e9s provenant des vergers de Diethelm. <\/span> <\/p>\n\t\t\t\t\t\t\t\t<\/div>\n\t\t\t\t<\/div>\n\t\t\t\t\t<\/div>\n\t\t<\/div>\n\t\t\t\t\t<\/div>\n\t\t<\/section>\n\t\t\t\t<section class=\"has_ae_slider elementor-section elementor-top-section elementor-element elementor-element-4e41581 elementor-section-boxed elementor-section-height-default elementor-section-height-default ae-bg-gallery-type-default\" data-id=\"4e41581\" data-element_type=\"section\" data-e-type=\"section\">\n\t\t\t\t\t\t<div class=\"elementor-container elementor-column-gap-default\">\n\t\t\t\t\t<div class=\"has_ae_slider elementor-column elementor-col-100 elementor-top-column elementor-element elementor-element-23bd6bf ae-bg-gallery-type-default\" data-id=\"23bd6bf\" data-element_type=\"column\" data-e-type=\"column\">\n\t\t\t<div class=\"elementor-widget-wrap elementor-element-populated\">\n\t\t\t\t\t\t<div class=\"elementor-element elementor-element-48b194f elementor-widget elementor-widget-heading\" data-id=\"48b194f\" data-element_type=\"widget\" data-e-type=\"widget\" data-settings=\"{&quot;ekit_we_effect_on&quot;:&quot;none&quot;}\" data-widget_type=\"heading.default\">\n\t\t\t\t<div class=\"elementor-widget-container\">\n\t\t\t\t\t<h2 class=\"elementor-heading-title elementor-size-default\">R\u00e8glementations suisses \n<\/h2>\t\t\t\t<\/div>\n\t\t\t\t<\/div>\n\t\t\t\t\t<\/div>\n\t\t<\/div>\n\t\t\t\t\t<\/div>\n\t\t<\/section>\n\t\t\t\t<section class=\"has_ae_slider elementor-section elementor-top-section elementor-element elementor-element-1199b6a elementor-section-boxed elementor-section-height-default elementor-section-height-default ae-bg-gallery-type-default\" data-id=\"1199b6a\" data-element_type=\"section\" data-e-type=\"section\">\n\t\t\t\t\t\t<div class=\"elementor-container elementor-column-gap-default\">\n\t\t\t\t\t<div class=\"has_ae_slider elementor-column elementor-col-100 elementor-top-column elementor-element elementor-element-18528ff ae-bg-gallery-type-default\" data-id=\"18528ff\" data-element_type=\"column\" data-e-type=\"column\">\n\t\t\t<div class=\"elementor-widget-wrap elementor-element-populated\">\n\t\t\t\t\t\t<div class=\"elementor-element elementor-element-ccad098 elementor-widget elementor-widget-text-editor\" data-id=\"ccad098\" data-element_type=\"widget\" data-e-type=\"widget\" data-settings=\"{&quot;ekit_we_effect_on&quot;:&quot;none&quot;}\" data-widget_type=\"text-editor.default\">\n\t\t\t\t<div class=\"elementor-widget-container\">\n\t\t\t\t\t\t\t\t\t<p><span style=\"font-weight: 400;\">La Suisse est r\u00e9put\u00e9e pour ses standards d\u2019excellence en mati\u00e8re de production alimentaire. L\u2019\u00e9quipe de Fr\u00fcchtehof Diethelm prend donc tr\u00e8s au s\u00e9rieux les r\u00e9glementations r\u00e9gionales. Il est essentiel que l\u2019exploitation soit capable de prouver que ses produits sont r\u00e9colt\u00e9s \u00e0 l\u2019\u00e9chelle locale, conform\u00e9ment aux crit\u00e8res du label <\/span><span style=\"color: #ce4520;\"><strong><a style=\"color: #ce4520;\" href=\"https:\/\/www.suissegarantie.ch\/fr\/\" target=\"_blank\" rel=\"noopener\">Suisse Garantie<\/a><\/strong><\/span><span style=\"font-weight: 400;\"><span style=\"color: #ce4520;\"><strong>. <\/strong><\/span>Cette norme tr\u00e8s compl\u00e8te garantit que des contr\u00f4les d\u2019assurance qualit\u00e9 ont lieu tout au long de la cha\u00eene de production et que des v\u00e9rifications sont men\u00e9es \u00e0 intervalles r\u00e9guliers par des organismes de contr\u00f4le ind\u00e9pendants. Diethelm a mis en place un processus suppl\u00e9mentaire <\/span><b>de conformit\u00e9<\/b><span style=\"font-weight: 400;\"> afin de v\u00e9rifier que ses r\u00e9coltes r\u00e9pondent aux crit\u00e8res des labels alimentaires locaux, g\u00e9r\u00e9s \u00e0 l\u2019\u00e9chelle du canton. <\/span><\/p><p><span style=\"font-weight: 400;\">La Suisse cherche actuellement \u00e0 mettre en place <\/span><strong><span style=\"color: #ce4520;\"><a style=\"color: #ce4520;\" href=\"https:\/\/www.parlament.ch\/de\/ratsbetrieb\/suche-curia-vista\/geschaeft?AffairId=20190475\" target=\"_blank\" rel=\"noopener\">l\u2019initiative parlementaire \u00ab R\u00e9duire le risque de l\u2019utilisation des pesticides \u00bb<\/a><\/span><\/strong><span style=\"font-weight: 400;\"><strong><span style=\"color: #ce4520;\"> adopt\u00e9e en 2021<\/span><\/strong> pour soutenir le <\/span><b>suivi<\/b><span style=\"font-weight: 400;\"> et donc <\/span><b>la r\u00e9duction de l\u2019utilisation de produits phytosanitaires<\/b><span style=\"font-weight: 400;\">. L\u2019Office f\u00e9d\u00e9ral de l&#8217;agriculture (OFAG) a lanc\u00e9 un syst\u00e8me de reporting num\u00e9rique (<\/span><a href=\"https:\/\/digiflux.info\/de\/\" target=\"_blank\" rel=\"noopener\"><span style=\"font-weight: 400;\"><strong><span style=\"color: #ce4520;\">DigiFLUX<\/span><\/strong><\/span><\/a><span style=\"font-weight: 400;\">) o\u00f9 les exploitations peuvent enregistrer les mesures phytosanitaires qu\u2019elles appliquent. Cette d\u00e9marche sera obligatoire \u00e0 partir de 2026. <\/span><\/p><p><span style=\"font-weight: 400;\">Heureusement, Fr\u00fcchtehof Diethelm a pris les devants et peut r\u00e9pondre \u00e0 un cadre r\u00e9glementaire plus strict.<\/span><\/p>\t\t\t\t\t\t\t\t<\/div>\n\t\t\t\t<\/div>\n\t\t\t\t\t<\/div>\n\t\t<\/div>\n\t\t\t\t\t<\/div>\n\t\t<\/section>\n\t\t\t\t<section class=\"has_ae_slider elementor-section elementor-top-section elementor-element elementor-element-5cfd901 elementor-section-boxed elementor-section-height-default elementor-section-height-default ae-bg-gallery-type-default\" data-id=\"5cfd901\" data-element_type=\"section\" data-e-type=\"section\">\n\t\t\t\t\t\t<div class=\"elementor-container elementor-column-gap-default\">\n\t\t\t\t\t<div class=\"has_ae_slider elementor-column elementor-col-100 elementor-top-column elementor-element elementor-element-dfb373e ae-bg-gallery-type-default\" data-id=\"dfb373e\" data-element_type=\"column\" data-e-type=\"column\">\n\t\t\t<div class=\"elementor-widget-wrap elementor-element-populated\">\n\t\t\t\t\t\t<div class=\"elementor-element elementor-element-9c517c3 elementor-widget elementor-widget-heading\" data-id=\"9c517c3\" data-element_type=\"widget\" data-e-type=\"widget\" data-settings=\"{&quot;ekit_we_effect_on&quot;:&quot;none&quot;}\" data-widget_type=\"heading.default\">\n\t\t\t\t<div class=\"elementor-widget-container\">\n\t\t\t\t\t<h2 class=\"elementor-heading-title elementor-size-default\">Une conformit\u00e9 simplifi\u00e9e\n<\/h2>\t\t\t\t<\/div>\n\t\t\t\t<\/div>\n\t\t\t\t\t<\/div>\n\t\t<\/div>\n\t\t\t\t\t<\/div>\n\t\t<\/section>\n\t\t\t\t<section class=\"has_ae_slider elementor-section elementor-top-section elementor-element elementor-element-eaf2722 elementor-section-boxed elementor-section-height-default elementor-section-height-default ae-bg-gallery-type-default\" data-id=\"eaf2722\" data-element_type=\"section\" data-e-type=\"section\">\n\t\t\t\t\t\t<div class=\"elementor-container elementor-column-gap-default\">\n\t\t\t\t\t<div class=\"has_ae_slider elementor-column elementor-col-100 elementor-top-column elementor-element elementor-element-a5341d0 ae-bg-gallery-type-default\" data-id=\"a5341d0\" data-element_type=\"column\" data-e-type=\"column\">\n\t\t\t<div class=\"elementor-widget-wrap elementor-element-populated\">\n\t\t\t\t\t\t<div class=\"elementor-element elementor-element-4e2d540 elementor-widget elementor-widget-text-editor\" data-id=\"4e2d540\" data-element_type=\"widget\" data-e-type=\"widget\" data-settings=\"{&quot;ekit_we_effect_on&quot;:&quot;none&quot;}\" data-widget_type=\"text-editor.default\">\n\t\t\t\t<div class=\"elementor-widget-container\">\n\t\t\t\t\t\t\t\t\t<p><span style=\"font-weight: 400;\">\u00c0 Fr\u00fcchtehof Diethelm, de nombreuses vari\u00e9t\u00e9s de fruits sont cultiv\u00e9es sur 70 parcelles. La documentation pr\u00e9cise des traitements des cultures \u00e9tait auparavant tr\u00e8s chronophage. <\/span><\/p>\n<p style=\"text-align: center;\"><b>\u00ab Il s\u2019agit d\u2019enregistrements tr\u00e8s d\u00e9taill\u00e9s, ce qui n\u2019est pas facile sur papier \u00bb,<\/b><span style=\"font-weight: 400;\"> explique Kilian. <\/span> <\/p>\n<p><span style=\"font-weight: 400;\">En 2021, Diethelm a t\u00e9l\u00e9charg\u00e9 l\u2019<\/span><span style=\"color: #ce4520;\"><strong><a style=\"color: #ce4520;\" href=\"https:\/\/farmable.tech\/fr\/farmable-pro\/\">application Farmable<\/a><\/strong><\/span><span style=\"font-weight: 400;\"> et a d\u00e9couvert comment il pouvait utiliser cet outil pour g\u00e9rer les traitements par pulv\u00e9risation. <\/span> <\/p>\n<p style=\"text-align: center;\"><b>\u00ab&nbsp;J\u2019ai ressenti un \u00e9norme soulagement. J\u2019ai pu calculer et documenter les t\u00e2ches de pulv\u00e9risation imm\u00e9diatement.&nbsp;\u00bb<\/b><\/p>\n<p><span style=\"font-weight: 400;\">Bien que la structure de son exploitation soit complexe, il a pu enregistrer et suivre facilement les applications de produits phytosanitaires. Kilian a invit\u00e9 tous ses employ\u00e9s \u00e0 utiliser l\u2019application afin de pouvoir recueillir simplement autant que de donn\u00e9es et d\u2019informations que possible. Il a ainsi pu prendre de meilleures d\u00e9cisions pour ses activit\u00e9s agricoles. <\/span><\/p>\n<p><span style=\"font-weight: 400;\">Outre le gain de temps et d\u2019\u00e9nergie en mati\u00e8re de gestion administrative des journaux de pulv\u00e9risation, Farmable a \u00e9galement r\u00e9duit l\u2019effort requis pour prouver l\u2019origine des fruits produits par Fr\u00fcchtehof Diethelm. Dans l\u2019application Farmable, Kilian et son \u00e9quipe peuvent renseigner facilement l\u2019emplacement de la parcelle, la vari\u00e9t\u00e9 de fruit et le nombre de cagettes \u00e0 partir de leurs t\u00e9l\u00e9phones mobiles. Gr\u00e2ce \u00e0 ces donn\u00e9es, l\u2019\u00e9quipe peut v\u00e9rifier rapidement qu\u2019elle respecte les normes des labels locaux. Kilian peut ainsi prouver que les fruits sont bien cultiv\u00e9s par son exploitation, et non achet\u00e9s \u00e0 des tiers.<\/span><\/p>\n\t\t\t\t\t\t\t\t<\/div>\n\t\t\t\t<\/div>\n\t\t\t\t\t<\/div>\n\t\t<\/div>\n\t\t\t\t\t<\/div>\n\t\t<\/section>\n\t\t\t\t<section class=\"has_ae_slider elementor-section elementor-top-section elementor-element elementor-element-0ee2373 elementor-section-boxed elementor-section-height-default elementor-section-height-default ae-bg-gallery-type-default\" data-id=\"0ee2373\" data-element_type=\"section\" data-e-type=\"section\">\n\t\t\t\t\t\t<div class=\"elementor-container elementor-column-gap-default\">\n\t\t\t\t\t<div class=\"has_ae_slider elementor-column elementor-col-100 elementor-top-column elementor-element elementor-element-a907eb5 ae-bg-gallery-type-default\" data-id=\"a907eb5\" data-element_type=\"column\" data-e-type=\"column\">\n\t\t\t<div class=\"elementor-widget-wrap elementor-element-populated\">\n\t\t\t\t\t\t<div class=\"elementor-element elementor-element-eec7169 elementor-widget elementor-widget-heading\" data-id=\"eec7169\" data-element_type=\"widget\" data-e-type=\"widget\" data-settings=\"{&quot;ekit_we_effect_on&quot;:&quot;none&quot;}\" data-widget_type=\"heading.default\">\n\t\t\t\t<div class=\"elementor-widget-container\">\n\t\t\t\t\t<h2 class=\"elementor-heading-title elementor-size-default\">Aider les exploitations suisses \u00e0 r\u00e9ussir\n<\/h2>\t\t\t\t<\/div>\n\t\t\t\t<\/div>\n\t\t\t\t\t<\/div>\n\t\t<\/div>\n\t\t\t\t\t<\/div>\n\t\t<\/section>\n\t\t\t\t<section class=\"has_ae_slider elementor-section elementor-top-section elementor-element elementor-element-8e435b0 elementor-section-boxed elementor-section-height-default elementor-section-height-default ae-bg-gallery-type-default\" data-id=\"8e435b0\" data-element_type=\"section\" data-e-type=\"section\">\n\t\t\t\t\t\t<div class=\"elementor-container elementor-column-gap-default\">\n\t\t\t\t\t<div class=\"has_ae_slider elementor-column elementor-col-100 elementor-top-column elementor-element elementor-element-2751a50 ae-bg-gallery-type-default\" data-id=\"2751a50\" data-element_type=\"column\" data-e-type=\"column\">\n\t\t\t<div class=\"elementor-widget-wrap elementor-element-populated\">\n\t\t\t\t\t\t<div class=\"elementor-element elementor-element-86e4425 elementor-widget elementor-widget-text-editor\" data-id=\"86e4425\" data-element_type=\"widget\" data-e-type=\"widget\" data-settings=\"{&quot;ekit_we_effect_on&quot;:&quot;none&quot;}\" data-widget_type=\"text-editor.default\">\n\t\t\t\t<div class=\"elementor-widget-container\">\n\t\t\t\t\t\t\t\t\t<p><span style=\"font-weight: 400;\">Tout comme Fr\u00fcchtehof Diethelm, Farmable \u0153uvre pour que l\u2019agriculture suisse connaisse un avenir rayonnant. Au cours des derniers mois, notre \u00e9quipe d\u2019agritech internationale a concentr\u00e9 ses efforts sur le march\u00e9 suisse, en organisant notamment une exposition le mois dernier \u00e0 la <\/span><span style=\"color: #ce4520;\"><strong><a style=\"color: #ce4520;\" href=\"https:\/\/www.agrovina.ch\/fr\" target=\"_blank\" rel=\"noopener\">conf\u00e9rence Agroniva <\/a><\/strong><\/span><span style=\"font-weight: 400;\">\u00e0 Martigny. Fin 2024, Farmable va lancer une int\u00e9gration avec \u00ab Mon partage de donn\u00e9es agricoles \u00bb dans Agate afin de simplifier la configuration d\u2019un compte Farmable pour tous les agriculteurs de Suisse. Cette solution inclura un acc\u00e8s facile aux parcelles et une liste officielle des produits phytosanitaires autoris\u00e9s sur les exploitations suisses. <\/span><\/p><p><span style=\"font-weight: 400;\">En pr\u00e9vision de 2026, Farmable suit de pr\u00e8s le projet DigiFLUX afin de s\u2019int\u00e9grer \u00e0 l\u2019outil de reporting f\u00e9d\u00e9ral au plus t\u00f4t. De cette mani\u00e8re, les agriculteurs suisses pourront se conformer aux futures obligations de reporting aussi simplement que possible. <\/span><\/p><p><span style=\"font-weight: 400;\">Mais pourquoi, alors que les solutions d\u2019agritech se multiplient, les exploitations suisses ont-elles int\u00e9r\u00eat \u00e0 essayer Farmable ?<\/span><\/p><p><b>\u00ab Le v\u00e9ritable atout de l\u2019application, c\u2019est sa simplicit\u00e9, \u00bb <\/b><span style=\"font-weight: 400;\">affirme Kilian. <\/span><\/p>\t\t\t\t\t\t\t\t<\/div>\n\t\t\t\t<\/div>\n\t\t\t\t\t<\/div>\n\t\t<\/div>\n\t\t\t\t\t<\/div>\n\t\t<\/section>\n\t\t\t\t<section class=\"has_ae_slider elementor-section elementor-top-section elementor-element elementor-element-8c2ed5b elementor-section-boxed elementor-section-height-default elementor-section-height-default ae-bg-gallery-type-default\" data-id=\"8c2ed5b\" data-element_type=\"section\" data-e-type=\"section\">\n\t\t\t\t\t\t<div class=\"elementor-container elementor-column-gap-default\">\n\t\t\t\t\t<div class=\"has_ae_slider elementor-column elementor-col-100 elementor-top-column elementor-element elementor-element-1c96dc3 ae-bg-gallery-type-default\" data-id=\"1c96dc3\" data-element_type=\"column\" data-e-type=\"column\">\n\t\t\t<div class=\"elementor-widget-wrap elementor-element-populated\">\n\t\t\t\t\t\t<div class=\"elementor-element elementor-element-0e90213 elementor-widget elementor-widget-heading\" data-id=\"0e90213\" data-element_type=\"widget\" data-e-type=\"widget\" data-settings=\"{&quot;ekit_we_effect_on&quot;:&quot;none&quot;}\" data-widget_type=\"heading.default\">\n\t\t\t\t<div class=\"elementor-widget-container\">\n\t\t\t\t\t<h2 class=\"elementor-heading-title elementor-size-default\">Une exploitation tourn\u00e9e vers l\u2019avenir\n<\/h2>\t\t\t\t<\/div>\n\t\t\t\t<\/div>\n\t\t\t\t\t<\/div>\n\t\t<\/div>\n\t\t\t\t\t<\/div>\n\t\t<\/section>\n\t\t\t\t<section class=\"has_ae_slider elementor-section elementor-top-section elementor-element elementor-element-3710d38 elementor-section-boxed elementor-section-height-default elementor-section-height-default ae-bg-gallery-type-default\" data-id=\"3710d38\" data-element_type=\"section\" data-e-type=\"section\">\n\t\t\t\t\t\t<div class=\"elementor-container elementor-column-gap-default\">\n\t\t\t\t\t<div class=\"has_ae_slider elementor-column elementor-col-100 elementor-top-column elementor-element elementor-element-0daaef9 ae-bg-gallery-type-default\" data-id=\"0daaef9\" data-element_type=\"column\" data-e-type=\"column\">\n\t\t\t<div class=\"elementor-widget-wrap elementor-element-populated\">\n\t\t\t\t\t\t<div class=\"elementor-element elementor-element-fdbfd18 elementor-widget elementor-widget-text-editor\" data-id=\"fdbfd18\" data-element_type=\"widget\" data-e-type=\"widget\" data-settings=\"{&quot;ekit_we_effect_on&quot;:&quot;none&quot;}\" data-widget_type=\"text-editor.default\">\n\t\t\t\t<div class=\"elementor-widget-container\">\n\t\t\t\t\t\t\t\t\t<p><span style=\"font-weight: 400;\">Comme ses processus de reporting num\u00e9rique sont d\u00e9j\u00e0 en place, l\u2019\u00e9quipe de Fr\u00fcchtehof Diethelm a une longueur d\u2019avance pour r\u00e9pondre aux futures r\u00e9glementations de conformit\u00e9. Toute l\u2019\u00e9quipe agricole peut continuer \u00e0 construire un ensemble de donn\u00e9es utile, facile \u00e0 filtrer et \u00e0 partager avec diff\u00e9rentes autorit\u00e9s en cas de besoin.<\/span><\/p>\n<p><span style=\"font-weight: 400;\">En utilisant un <\/span><span><b>syst\u00e8me de gestion agricole <\/b>l\u2019exploitation dispose d&#8217;un \u00ab syst\u00e8me d\u2019op\u00e9ration \u00bb qui<\/span><span style=\"font-weight: 400;\"> se montrera d\u2019une utilit\u00e9 croissante au moment de recueillir des donn\u00e9es pour assurer la conformit\u00e9 aux r\u00e9glementations futures. Kilian utilise actuellement les donn\u00e9es m\u00e9t\u00e9orologiques provenant de la solution fournie par l\u2019\u00c9tat, <\/span><span style=\"color: #ce4520;\"><strong><a style=\"color: #ce4520;\" href=\"https:\/\/www.agrometeo.ch\/\" target=\"_blank\" rel=\"noopener\">Agrometeo<\/a><\/strong><\/span><span style=\"font-weight: 400;\"><span style=\"color: #ce4520;\"><strong>,<\/strong><\/span>. N\u00e9anmoins, \u00e0 un stade ult\u00e9rieur, les donn\u00e9es m\u00e9t\u00e9orologiques, tout comme les informations portant sur les nuisibles et les maladies, constitueront un crit\u00e8re essentiel pour r\u00e9pondre aux exigences de <\/span><b>Lutte int\u00e9gr\u00e9e.<\/b><span style=\"font-weight: 400;\">. Il sera essentiel de pouvoir g\u00e9n\u00e9rer des rapports regroupant des donn\u00e9es de sources multiples dans un seul outil afin de pouvoir partager facilement ces informations et \u00e9viter de se retrouver d\u00e9bord\u00e9s par les papiers. <\/span><\/p>\n<p><span style=\"font-weight: 400;\">Le succ\u00e8s de Fr\u00fcchtehof Diethelm ann\u00e9e apr\u00e8s ann\u00e9e est l&#8217;\u0153uvre de trois g\u00e9n\u00e9rations d&#8217;agriculteurs. Chaque g\u00e9n\u00e9ration a transform\u00e9 l\u2019exploitation pour l&#8217;adapter \u00e0 son \u00e9poque et assurer sa rentabilit\u00e9. \u00c0 Fr\u00fcchtehof Diethelm, il est \u00e9vident que Kilian et Sandra ouvrent la voie de la r\u00e9ussite pour une nouvelle g\u00e9n\u00e9ration d\u2019agriculteurs gr\u00e2ce \u00e0 leur approche proactive de la gestion, bas\u00e9e sur des processus num\u00e9riques.<\/span><\/p>\n\t\t\t\t\t\t\t\t<\/div>\n\t\t\t\t<\/div>\n\t\t\t\t\t<\/div>\n\t\t<\/div>\n\t\t\t\t\t<\/div>\n\t\t<\/section>\n\t\t\t\t<section class=\"has_ae_slider elementor-section elementor-top-section elementor-element elementor-element-79ec24a elementor-section-boxed elementor-section-height-default elementor-section-height-default ae-bg-gallery-type-default\" data-id=\"79ec24a\" data-element_type=\"section\" data-e-type=\"section\">\n\t\t\t\t\t\t<div class=\"elementor-container elementor-column-gap-default\">\n\t\t\t\t\t<div class=\"has_ae_slider elementor-column elementor-col-100 elementor-top-column elementor-element elementor-element-466b551 ae-bg-gallery-type-default\" data-id=\"466b551\" data-element_type=\"column\" data-e-type=\"column\">\n\t\t\t<div class=\"elementor-widget-wrap elementor-element-populated\">\n\t\t\t\t\t\t<div class=\"elementor-element elementor-element-bb79d90 elementor-widget elementor-widget-text-editor\" data-id=\"bb79d90\" data-element_type=\"widget\" data-e-type=\"widget\" data-settings=\"{&quot;ekit_we_effect_on&quot;:&quot;none&quot;}\" data-widget_type=\"text-editor.default\">\n\t\t\t\t<div class=\"elementor-widget-container\">\n\t\t\t\t\t\t\t\t\t<p><span style=\"font-weight: 400;\">Dans le domaine des avanc\u00e9es technologiques pour l\u2019agriculture, le changement s\u2019acc\u00e9l\u00e8re et les ann\u00e9es \u00e0 venir apporteront leur lot de nouveaut\u00e9s r\u00e9jouissantes. La mise en place d\u2019un logiciel de gestion agricole et l\u2019acc\u00e8s \u00e0 des donn\u00e9es m\u00e9t\u00e9orologiques de qualit\u00e9 sont deux \u00e9tapes simples pour pr\u00e9parer le futur de votre exploitation, ainsi que pour r\u00e9duire les t\u00e2ches administratives et pour assurer de meilleures prises de d\u00e9cision. <strong>Pour votre saison 2024, mettez la technologie invisible au service de votre exploitation.<\/strong><\/span><\/p>\n\t\t\t\t\t\t\t\t<\/div>\n\t\t\t\t<\/div>\n\t\t\t\t\t<\/div>\n\t\t<\/div>\n\t\t\t\t\t<\/div>\n\t\t<\/section>\n\t\t<div class=\"has_ae_slider elementor-element elementor-element-4d879e2 e-flex e-con-boxed ae-bg-gallery-type-default e-con e-parent\" data-id=\"4d879e2\" data-element_type=\"container\" data-e-type=\"container\">\n\t\t\t\t\t<div class=\"e-con-inner\">\n\t\t\t\t<div class=\"elementor-element elementor-element-5872528 elementor-widget elementor-widget-spacer\" data-id=\"5872528\" data-element_type=\"widget\" data-e-type=\"widget\" data-settings=\"{&quot;ekit_we_effect_on&quot;:&quot;none&quot;}\" data-widget_type=\"spacer.default\">\n\t\t\t\t<div class=\"elementor-widget-container\">\n\t\t\t\t\t\t\t<div class=\"elementor-spacer\">\n\t\t\t<div class=\"elementor-spacer-inner\"><\/div>\n\t\t<\/div>\n\t\t\t\t\t\t<\/div>\n\t\t\t\t<\/div>\n\t\t\t\t\t<\/div>\n\t\t\t\t<\/div>\n\t\t\t\t<section class=\"has_ae_slider elementor-section elementor-top-section elementor-element elementor-element-c2a65ca elementor-section-boxed elementor-section-height-default elementor-section-height-default ae-bg-gallery-type-default\" data-id=\"c2a65ca\" data-element_type=\"section\" data-e-type=\"section\">\n\t\t\t\t\t\t<div class=\"elementor-container elementor-column-gap-default\">\n\t\t\t\t\t<div class=\"has_ae_slider elementor-column elementor-col-100 elementor-top-column elementor-element elementor-element-5a07fc7 ae-bg-gallery-type-default\" data-id=\"5a07fc7\" data-element_type=\"column\" data-e-type=\"column\">\n\t\t\t<div class=\"elementor-widget-wrap elementor-element-populated\">\n\t\t\t\t\t\t<div class=\"elementor-element elementor-element-36fa1a8 elementor-widget elementor-widget-heading\" data-id=\"36fa1a8\" data-element_type=\"widget\" data-e-type=\"widget\" data-settings=\"{&quot;ekit_we_effect_on&quot;:&quot;none&quot;}\" data-widget_type=\"heading.default\">\n\t\t\t\t<div class=\"elementor-widget-container\">\n\t\t\t\t\t<h2 class=\"elementor-heading-title elementor-size-default\">En savoir plus sur Fr\u00fcchtehof Diethelm\n<\/h2>\t\t\t\t<\/div>\n\t\t\t\t<\/div>\n\t\t\t\t\t<\/div>\n\t\t<\/div>\n\t\t\t\t\t<\/div>\n\t\t<\/section>\n\t\t\t\t<section class=\"has_ae_slider elementor-section elementor-top-section elementor-element elementor-element-4d1d47b elementor-section-boxed elementor-section-height-default elementor-section-height-default ae-bg-gallery-type-default\" data-id=\"4d1d47b\" data-element_type=\"section\" data-e-type=\"section\">\n\t\t\t\t\t\t<div class=\"elementor-container elementor-column-gap-default\">\n\t\t\t\t\t<div class=\"has_ae_slider elementor-column elementor-col-100 elementor-top-column elementor-element elementor-element-b1eb012 ae-bg-gallery-type-default\" data-id=\"b1eb012\" data-element_type=\"column\" data-e-type=\"column\">\n\t\t\t<div class=\"elementor-widget-wrap elementor-element-populated\">\n\t\t\t\t\t\t<div class=\"elementor-element elementor-element-d4765d6 elementor-widget elementor-widget-text-editor\" data-id=\"d4765d6\" data-element_type=\"widget\" data-e-type=\"widget\" data-settings=\"{&quot;ekit_we_effect_on&quot;:&quot;none&quot;}\" data-widget_type=\"text-editor.default\">\n\t\t\t\t<div class=\"elementor-widget-container\">\n\t\t\t\t\t\t\t\t\t<p><span style=\"font-weight: 400;\">Si vous souhaitez visiter <\/span><span style=\"color: #ce4520;\"><strong><a style=\"color: #ce4520;\" href=\"https:\/\/www.fruechtehof.ch\/Startseite\/\" target=\"_blank\" rel=\"noopener\">Fr\u00fcchtehof Diethelm<\/a><\/strong><\/span><span style=\"font-weight: 400;\">, vous trouverez l\u2019exploitation \u00e0 proximit\u00e9 de Siebnen. D\u00e9couvrez facilement les produits en vente et les horaires d\u2019ouverture sur la<\/span> <a href=\"https:\/\/www.fruechtehof.ch\/Aktuelles-Angebot\/\" target=\"_blank\" rel=\"noopener\"><span style=\"font-weight: 400;\"><span style=\"color: #ce4520;\"><strong> boutique de l\u2019exploitation<\/strong><\/span><\/span><\/a><span style=\"font-weight: 400;\"> en ligne. <\/span> <\/p>\n\t\t\t\t\t\t\t\t<\/div>\n\t\t\t\t<\/div>\n\t\t\t\t\t<\/div>\n\t\t<\/div>\n\t\t\t\t\t<\/div>\n\t\t<\/section>\n\t\t\t\t<section class=\"has_ae_slider elementor-section elementor-top-section elementor-element elementor-element-03263a2 elementor-section-boxed elementor-section-height-default elementor-section-height-default ae-bg-gallery-type-default\" data-id=\"03263a2\" data-element_type=\"section\" data-e-type=\"section\">\n\t\t\t\t\t\t<div class=\"elementor-container elementor-column-gap-default\">\n\t\t\t\t\t<div class=\"has_ae_slider elementor-column elementor-col-100 elementor-top-column elementor-element elementor-element-926f763 ae-bg-gallery-type-default\" data-id=\"926f763\" data-element_type=\"column\" data-e-type=\"column\">\n\t\t\t<div class=\"elementor-widget-wrap elementor-element-populated\">\n\t\t\t\t\t\t<div class=\"elementor-element elementor-element-0c44b33 elementor-widget elementor-widget-heading\" data-id=\"0c44b33\" data-element_type=\"widget\" data-e-type=\"widget\" data-settings=\"{&quot;ekit_we_effect_on&quot;:&quot;none&quot;}\" data-widget_type=\"heading.default\">\n\t\t\t\t<div class=\"elementor-widget-container\">\n\t\t\t\t\t<h2 class=\"elementor-heading-title elementor-size-default\">En savoir plus sur Farmable\n<\/h2>\t\t\t\t<\/div>\n\t\t\t\t<\/div>\n\t\t\t\t\t<\/div>\n\t\t<\/div>\n\t\t\t\t\t<\/div>\n\t\t<\/section>\n\t\t\t\t<section class=\"has_ae_slider elementor-section elementor-top-section elementor-element elementor-element-3a7435a elementor-section-boxed elementor-section-height-default elementor-section-height-default ae-bg-gallery-type-default\" data-id=\"3a7435a\" data-element_type=\"section\" data-e-type=\"section\">\n\t\t\t\t\t\t<div class=\"elementor-container elementor-column-gap-default\">\n\t\t\t\t\t<div class=\"has_ae_slider elementor-column elementor-col-100 elementor-top-column elementor-element elementor-element-c37e842 ae-bg-gallery-type-default\" data-id=\"c37e842\" data-element_type=\"column\" data-e-type=\"column\">\n\t\t\t<div class=\"elementor-widget-wrap elementor-element-populated\">\n\t\t\t\t\t\t<div class=\"elementor-element elementor-element-c9ccb66 elementor-widget elementor-widget-text-editor\" data-id=\"c9ccb66\" data-element_type=\"widget\" data-e-type=\"widget\" data-settings=\"{&quot;ekit_we_effect_on&quot;:&quot;none&quot;}\" data-widget_type=\"text-editor.default\">\n\t\t\t\t<div class=\"elementor-widget-container\">\n\t\t\t\t\t\t\t\t\t<p><a href=\"https:\/\/farmable.tech\/fr\/farmable-pro\/\"><span style=\"font-weight: 400;\"><span style=\"color: #ce4520;\"><strong>Farmable Pro <\/strong><\/span><\/span><\/a><span style=\"font-weight: 400;\">permet aux exploitations de g\u00e9rer leurs traitements des cultures, tout en cr\u00e9ant facilement des rapports de conformit\u00e9 en arri\u00e8re-plan. Que vous cultiviez des pommes en Suisse ou des avocats en Afrique du Sud, Farmable Pro simplifie vos rapports de conformit\u00e9 pour vous permettre de r\u00e9pondre aux exigences locales de reporting qui s&#8217;appliquent \u00e0 l\u2019utilisation des pesticides dans le cadre des certifications GlobalGAP.<\/span><\/p>\n\t\t\t\t\t\t\t\t<\/div>\n\t\t\t\t<\/div>\n\t\t\t\t\t<\/div>\n\t\t<\/div>\n\t\t\t\t\t<\/div>\n\t\t<\/section>\n\t\t<div class=\"has_ae_slider elementor-element elementor-element-081d698 e-flex e-con-boxed ae-bg-gallery-type-default e-con e-parent\" data-id=\"081d698\" data-element_type=\"container\" data-e-type=\"container\">\n\t\t\t\t\t<div class=\"e-con-inner\">\n\t\t\t\t\t<\/div>\n\t\t\t\t<\/div>\n\t\t\t\t<\/div>\n\t\t","protected":false},"excerpt":{"rendered":"<p>Kilian Diethelm pr\u00e9pare la saison 2024 et les suivantes sur son exploitation. Fr\u00fcchtehof Diethelm est une exploitation de 7,5 hectares o\u00f9 sont cultiv\u00e9s des fruits \u00e0 p\u00e9pins, des fruits \u00e0 noyaux et une grande vari\u00e9t\u00e9 de fruits rouges. L\u2019exploitation est perch\u00e9e \u00e0 440 m\u00e8tres d\u2019altitude et surplombe le lac de Zurich. Cette op\u00e9ration complexe implique [&hellip;]<\/p>\n","protected":false},"author":8,"featured_media":68321,"comment_status":"closed","ping_status":"open","sticky":false,"template":"","format":"standard","meta":{"footnotes":""},"categories":[208,99,102,103,100],"tags":[275,287,281],"class_list":["post-70780","post","type-post","status-publish","format-standard","has-post-thumbnail","hentry","category-compliance","category-farm-management-app","category-orchard-farming","category-precision-agriculture","category-testimonials","tag-agriculture","tag-application-de-gestion-agricole","tag-conformite-ue"],"_links":{"self":[{"href":"https:\/\/farmable.tech\/fr\/wp-json\/wp\/v2\/posts\/70780","targetHints":{"allow":["GET"]}}],"collection":[{"href":"https:\/\/farmable.tech\/fr\/wp-json\/wp\/v2\/posts"}],"about":[{"href":"https:\/\/farmable.tech\/fr\/wp-json\/wp\/v2\/types\/post"}],"author":[{"embeddable":true,"href":"https:\/\/farmable.tech\/fr\/wp-json\/wp\/v2\/users\/8"}],"replies":[{"embeddable":true,"href":"https:\/\/farmable.tech\/fr\/wp-json\/wp\/v2\/comments?post=70780"}],"version-history":[{"count":9,"href":"https:\/\/farmable.tech\/fr\/wp-json\/wp\/v2\/posts\/70780\/revisions"}],"predecessor-version":[{"id":70821,"href":"https:\/\/farmable.tech\/fr\/wp-json\/wp\/v2\/posts\/70780\/revisions\/70821"}],"wp:featuredmedia":[{"embeddable":true,"href":"https:\/\/farmable.tech\/fr\/wp-json\/wp\/v2\/media\/68321"}],"wp:attachment":[{"href":"https:\/\/farmable.tech\/fr\/wp-json\/wp\/v2\/media?parent=70780"}],"wp:term":[{"taxonomy":"category","embeddable":true,"href":"https:\/\/farmable.tech\/fr\/wp-json\/wp\/v2\/categories?post=70780"},{"taxonomy":"post_tag","embeddable":true,"href":"https:\/\/farmable.tech\/fr\/wp-json\/wp\/v2\/tags?post=70780"}],"curies":[{"name":"wp","href":"https:\/\/api.w.org\/{rel}","templated":true}]}}